{"id":6819,"date":"2024-12-12T12:06:17","date_gmt":"2024-12-12T12:06:17","guid":{"rendered":"https:\/\/kieseritzky.de\/?p=6819"},"modified":"2024-12-12T16:22:04","modified_gmt":"2024-12-12T16:22:04","slug":"dezember","status":"publish","type":"post","link":"https:\/\/kieseritzky.de\/da\/dezember\/","title":{"rendered":"December"},"content":{"rendered":"<h2 class=\"wp-block-heading\">Hvad er der sket indtil nu?<\/h2>\n\n\n\n<p>12.12.2024<\/p>\n\n\n\n<p>Tiden f\u00f8r jul kom uventet. Dagene blev kortere for hver dag. Nu er vi midt i m\u00f8rket. Det er godt at tage en hurtig dukkert i \u00d8sters\u00f8en ved solopgang. Det kolde spark f\u00e5r tr\u00e6theden ud af kroppen, og samv\u00e6ret med ligesindede, som man er blevet glad for, fordriver det sidste af m\u00f8rket.<\/p>\n\n\n\n<h2 class=\"wp-block-heading\">At v\u00e6ve<\/h2>\n\n\n\n<figure class=\"wp-block-image alignfull size-full\"><img fetchpriority=\"high\" decoding=\"async\" width=\"567\" height=\"300\" src=\"https:\/\/kieseritzky.de\/wp-content\/uploads\/2024\/12\/Wb-inspiration-01.jpg\" alt=\"\" class=\"wp-image-6838\" srcset=\"https:\/\/kieseritzky.de\/wp-content\/uploads\/2024\/12\/Wb-inspiration-01.jpg 567w, https:\/\/kieseritzky.de\/wp-content\/uploads\/2024\/12\/Wb-inspiration-01-500x265.jpg 500w, https:\/\/kieseritzky.de\/wp-content\/uploads\/2024\/12\/Wb-inspiration-01-18x10.jpg 18w\" sizes=\"(max-width: 567px) 100vw, 567px\" \/><\/figure>\n\n\n\n<p>Skridt for skridt begyndte jeg at udforske mine ideer fra maleri-retreatet (<a href=\"https:\/\/kieseritzky.de\/da\/august-24\/\" data-type=\"post\" data-id=\"6718\" target=\"_blank\" rel=\"noreferrer noopener\">blogbidrag august<\/a>) auszuloten. Ich wollte pr\u00fcfen und probieren wie ich meine Vorstellung von Malerei mit meiner Vorliebe f\u00fcr das Weben verkn\u00fcpfen k\u00f6nnte. Im September begann ich nach vielen Wochen wieder zu weben, um herauszufinden, was das Weben mit meiner Malerei zu tun hat. Ich entdeckte, dass es bei den Schals die Farben sind. Ich nahm mir die Farben aus meiner Umgebung, dem Hafen im Dorf oder dem Garten und verwandelte sie in weiche Schals. Tats\u00e4chlich halfen mir die eingeschr\u00e4nkten M\u00f6glichkeiten der Gatterkamm-Webtechnik mich auf die Farben zu fokussieren und die Gegenst\u00e4ndlichkeit zu verlassen. Dabei hat das weiche und geschmeidige Material der Schals eine intensive Sinnlichkeit, die ich in meinen Bildern verst\u00e4rken m\u00f6chte.<\/p>\n\n\n\n<figure class=\"wp-block-image alignfull size-full\"><img decoding=\"async\" width=\"567\" height=\"300\" src=\"https:\/\/kieseritzky.de\/wp-content\/uploads\/2024\/12\/Wb-inspiration-02.jpg\" alt=\"\" class=\"wp-image-6844\" srcset=\"https:\/\/kieseritzky.de\/wp-content\/uploads\/2024\/12\/Wb-inspiration-02.jpg 567w, https:\/\/kieseritzky.de\/wp-content\/uploads\/2024\/12\/Wb-inspiration-02-500x265.jpg 500w, https:\/\/kieseritzky.de\/wp-content\/uploads\/2024\/12\/Wb-inspiration-02-18x10.jpg 18w\" sizes=\"(max-width: 567px) 100vw, 567px\" \/><\/figure>\n\n\n\n<h2 class=\"wp-block-heading\">Naturens materialer?<\/h2>\n\n\n\n<p>Anschlie\u00dfend versuchte ich die Frage kl\u00e4ren, ob die Naturmaterialien, die ich im Fr\u00fchjahr gesammelt und getrocknet hatte, ein geeigneter Werkstoff f\u00fcr meine Weberei sein k\u00f6nnte und zudem ein guter Partner f\u00fcr meine Malerei. Mit den getrockneten Bl\u00e4ttern und Halmen webte ich merkw\u00fcrdige, dreidimensionale Gebilde, die eine \u00c4sthetik hatten, die mir gut gefiel. Neben meine Bildentw\u00fcrfe geh\u00e4ngt, kamen mir Zweifel, die ich immer noch nicht ausger\u00e4umt habe. Auch meine Versuche getrocknete Fragmente direkt mit Papierarbeiten zu kombinieren, verwarf ich wenig sp\u00e4ter. <\/p>\n\n\n\n<figure class=\"wp-block-image size-large\"><img decoding=\"async\" width=\"1024\" height=\"512\" src=\"https:\/\/kieseritzky.de\/wp-content\/uploads\/2024\/12\/Dez-blog-06-1024x512.jpg\" alt=\"\" class=\"wp-image-6835\" srcset=\"https:\/\/kieseritzky.de\/wp-content\/uploads\/2024\/12\/Dez-blog-06-1024x512.jpg 1024w, https:\/\/kieseritzky.de\/wp-content\/uploads\/2024\/12\/Dez-blog-06-500x250.jpg 500w, https:\/\/kieseritzky.de\/wp-content\/uploads\/2024\/12\/Dez-blog-06-768x384.jpg 768w, https:\/\/kieseritzky.de\/wp-content\/uploads\/2024\/12\/Dez-blog-06-18x9.jpg 18w, https:\/\/kieseritzky.de\/wp-content\/uploads\/2024\/12\/Dez-blog-06.jpg 1134w\" sizes=\"(max-width: 1024px) 100vw, 1024px\" \/><\/figure>\n\n\n\n<h2 class=\"wp-block-heading\">Gammel ting i ny funktion<\/h2>\n\n\n\n<figure class=\"wp-block-image size-large\"><img loading=\"lazy\" decoding=\"async\" width=\"1024\" height=\"613\" src=\"https:\/\/kieseritzky.de\/wp-content\/uploads\/2024\/12\/Dez-blog-05-1024x613.jpg\" alt=\"\" class=\"wp-image-6834\" srcset=\"https:\/\/kieseritzky.de\/wp-content\/uploads\/2024\/12\/Dez-blog-05-1024x613.jpg 1024w, https:\/\/kieseritzky.de\/wp-content\/uploads\/2024\/12\/Dez-blog-05-500x299.jpg 500w, https:\/\/kieseritzky.de\/wp-content\/uploads\/2024\/12\/Dez-blog-05-768x460.jpg 768w, https:\/\/kieseritzky.de\/wp-content\/uploads\/2024\/12\/Dez-blog-05-1536x920.jpg 1536w, https:\/\/kieseritzky.de\/wp-content\/uploads\/2024\/12\/Dez-blog-05-2048x1226.jpg 2048w, https:\/\/kieseritzky.de\/wp-content\/uploads\/2024\/12\/Dez-blog-05-18x12.jpg 18w, https:\/\/kieseritzky.de\/wp-content\/uploads\/2024\/12\/Dez-blog-05-1320x790.jpg 1320w\" sizes=\"(max-width: 1024px) 100vw, 1024px\" \/><\/figure>\n\n\n\n<p>For nogen tid siden fik jeg et gammelt mekanisk strygejern af en ven. Den fungerer godt som trykpresse. Den stod rengjort i mit atelier i lang tid. I november tog jeg den endelig i brug.<\/p>\n\n\n\n<h2 class=\"wp-block-heading\">Vinteratelier<\/h2>\n\n\n\n<p>Anfang November begann meine Atelierzeit mit drucken. Ich finde diese Technik sehr attraktiv. Sie bietet so viele M\u00f6glichkeiten. Mich st\u00f6rte allerdings an dieser Technik, dass nach der Entwurfsphase und dem Schneiden der Druckplatten, jeder weitere Arbeitsgang festgelegt zu sein scheint. Mir ist wichtig, w\u00e4hrend des Druckprozesses intuitiv eingreifen zu k\u00f6nnen. Dazu habe ich viel probiert und experimentiert. Endlich hatte ich herausbekommen, wie ich die Drucktechnik f\u00fcr meine Bildideen anwenden kann. Bingo, das ist toll! W\u00e4hrend dieser wochenlangen Suchbewegungen entstanden einige kleine Drucke, die ich auch ganz sch\u00f6n finde. Kleine Weihnachtskarten, die auch im n\u00e4chsten Jahr noch sch\u00f6n sind, experimentelle, abstrakte Bilder, kartengro\u00dfe Drucke, in die ich anschlie\u00dfend noch hineingezeichnet habe und nicht zuletzt einige, von denen ich denke, ja! da will ich hin. Ich freue mich darauf die Arbeit daran fortzusetzen. Mit dieser Technik kann ich Farbfl\u00e4chen \u00fcber- und aneinanderlegen, Teile aussparen und wieder \u00fcberlagern. Mit den lasierenden \u00d6lfarben geht das sehr gut. Es deckt sich mit den M\u00f6glichkeiten, die mich an der Encaustik-Technik (<a href=\"https:\/\/de.wikipedia.org\/wiki\/Enkaustik\" data-type=\"link\" data-id=\"https:\/\/de.wikipedia.org\/wiki\/Enkaustik\" target=\"_blank\" rel=\"noreferrer noopener\">link<\/a>) reizen.<\/p>\n\n\n\n<div class=\"wp-block-columns is-layout-flex wp-container-core-columns-layout-1 wp-block-columns-is-layout-flex\">\n<div class=\"wp-block-column is-layout-flow wp-block-column-is-layout-flow\">\n<figure class=\"wp-block-image size-full\"><img loading=\"lazy\" decoding=\"async\" width=\"850\" height=\"1457\" src=\"https:\/\/kieseritzky.de\/wp-content\/uploads\/2024\/12\/Dez-blog-09.jpg\" alt=\"\" class=\"wp-image-6843\" srcset=\"https:\/\/kieseritzky.de\/wp-content\/uploads\/2024\/12\/Dez-blog-09.jpg 850w, https:\/\/kieseritzky.de\/wp-content\/uploads\/2024\/12\/Dez-blog-09-292x500.jpg 292w, https:\/\/kieseritzky.de\/wp-content\/uploads\/2024\/12\/Dez-blog-09-597x1024.jpg 597w, https:\/\/kieseritzky.de\/wp-content\/uploads\/2024\/12\/Dez-blog-09-768x1316.jpg 768w, https:\/\/kieseritzky.de\/wp-content\/uploads\/2024\/12\/Dez-blog-09-7x12.jpg 7w\" sizes=\"(max-width: 850px) 100vw, 850px\" \/><\/figure>\n<\/div>\n\n\n\n<div class=\"wp-block-column is-layout-flow wp-block-column-is-layout-flow\">\n<figure class=\"wp-block-image size-large\"><img loading=\"lazy\" decoding=\"async\" width=\"602\" height=\"1024\" src=\"https:\/\/kieseritzky.de\/wp-content\/uploads\/2024\/12\/Dez-blog-11-602x1024.jpg\" alt=\"\" class=\"wp-image-6846\" srcset=\"https:\/\/kieseritzky.de\/wp-content\/uploads\/2024\/12\/Dez-blog-11-602x1024.jpg 602w, https:\/\/kieseritzky.de\/wp-content\/uploads\/2024\/12\/Dez-blog-11-294x500.jpg 294w, https:\/\/kieseritzky.de\/wp-content\/uploads\/2024\/12\/Dez-blog-11-768x1307.jpg 768w, https:\/\/kieseritzky.de\/wp-content\/uploads\/2024\/12\/Dez-blog-11-7x12.jpg 7w, https:\/\/kieseritzky.de\/wp-content\/uploads\/2024\/12\/Dez-blog-11.jpg 850w\" sizes=\"(max-width: 602px) 100vw, 602px\" \/><\/figure>\n<\/div>\n<\/div>\n\n\n\n<h2 class=\"wp-block-heading\">Juleferie<\/h2>\n\n\n\n<p>Jeg er meget glad for, at jeg kan tage mig tid til at s\u00f8ge, opdage og finde. Der er knap to uger tilbage til jul. S\u00e5 vil jeg lade det hele synke ind og g\u00f8re mig det behageligt. S\u00e5 forts\u00e6tter jeg i januar.\nHav en dejlig jul og en afslappende ferie.<\/p>\n\n\n\n<p>Allen eine sch\u00f6ne Weihnachtszeit und eine erholsame Pause.<\/p>\n\n\n\n<figure class=\"wp-block-image alignfull size-large\"><img loading=\"lazy\" decoding=\"async\" width=\"1024\" height=\"381\" src=\"https:\/\/kieseritzky.de\/wp-content\/uploads\/2024\/12\/Dez-blog-12-1024x381.jpg\" alt=\"\" class=\"wp-image-6848\" srcset=\"https:\/\/kieseritzky.de\/wp-content\/uploads\/2024\/12\/Dez-blog-12-1024x381.jpg 1024w, https:\/\/kieseritzky.de\/wp-content\/uploads\/2024\/12\/Dez-blog-12-500x186.jpg 500w, https:\/\/kieseritzky.de\/wp-content\/uploads\/2024\/12\/Dez-blog-12-768x286.jpg 768w, https:\/\/kieseritzky.de\/wp-content\/uploads\/2024\/12\/Dez-blog-12-1536x571.jpg 1536w, https:\/\/kieseritzky.de\/wp-content\/uploads\/2024\/12\/Dez-blog-12-2048x762.jpg 2048w, https:\/\/kieseritzky.de\/wp-content\/uploads\/2024\/12\/Dez-blog-12-18x7.jpg 18w, https:\/\/kieseritzky.de\/wp-content\/uploads\/2024\/12\/Dez-blog-12-1320x491.jpg 1320w\" sizes=\"(max-width: 1024px) 100vw, 1024px\" \/><\/figure>","protected":false},"excerpt":{"rendered":"<p>Was bisher geschah 12.12.2024 Unversehens kam die Vorweihnachtszeit angerauscht. Die t\u00e4glich k\u00fcrzer werdenden Tage k\u00fcndigten es an. Nun sind wir mitten drin in der Dunkelheit. Da tut es gut morgens zum Sonnenaufgang einmal schnell in die Ostsee zu h\u00fcpfen. Der K\u00e4ltekick rei\u00dft die M\u00fcdigkeit aus dem K\u00f6rper, das Zusammensein mit den liebgewonnenen Gleichgesinnten vertreibt Reste &hellip;<\/p>\n<p class=\"read-more\"> <a class=\"\" href=\"https:\/\/kieseritzky.de\/da\/dezember\/\"> <span class=\"screen-reader-text\">December<\/span> L\u00e6s mere &raquo;<\/a><\/p>","protected":false},"author":1,"featured_media":6836,"comment_status":"open","ping_status":"closed","sticky":false,"template":"","format":"standard","meta":{"site-sidebar-layout":"default","site-content-layout":"","ast-site-content-layout":"default","site-content-style":"default","site-sidebar-style":"default","ast-global-header-display":"","ast-banner-title-visibility":"","ast-main-header-display":"","ast-hfb-above-header-display":"","ast-hfb-below-header-display":"","ast-hfb-mobile-header-display":"","site-post-title":"","ast-breadcrumbs-content":"","ast-featured-img":"","footer-sml-layout":"","theme-transparent-header-meta":"","adv-header-id-meta":"","stick-header-meta":"","header-above-stick-meta":"","header-main-stick-meta":"","header-below-stick-meta":"","astra-migrate-meta-layouts":"set","ast-page-background-enabled":"default","ast-page-background-meta":{"desktop":{"background-color":"","background-image":"","background-repeat":"repeat","background-position":"center center","background-size":"auto","background-attachment":"scroll","background-type":"","background-media":"","overlay-type":"","overlay-color":"","overlay-gradient":""},"tablet":{"background-color":"","background-image":"","background-repeat":"repeat","background-position":"center center","background-size":"auto","background-attachment":"scroll","background-type":"","background-media":"","overlay-type":"","overlay-color":"","overlay-gradient":""},"mobile":{"background-color":"","background-image":"","background-repeat":"repeat","background-position":"center center","background-size":"auto","background-attachment":"scroll","background-type":"","background-media":"","overlay-type":"","overlay-color":"","overlay-gradient":""}},"ast-content-background-meta":{"desktop":{"background-color":"var(--ast-global-color-5)","background-image":"","background-repeat":"repeat","background-position":"center center","background-size":"auto","background-attachment":"scroll","background-type":"","background-media":"","overlay-type":"","overlay-color":"","overlay-gradient":""},"tablet":{"background-color":"var(--ast-global-color-5)","background-image":"","background-repeat":"repeat","background-position":"center center","background-size":"auto","background-attachment":"scroll","background-type":"","background-media":"","overlay-type":"","overlay-color":"","overlay-gradient":""},"mobile":{"background-color":"var(--ast-global-color-5)","background-image":"","background-repeat":"repeat","background-position":"center center","background-size":"auto","background-attachment":"scroll","background-type":"","background-media":"","overlay-type":"","overlay-color":"","overlay-gradient":""}},"ngg_post_thumbnail":0,"footnotes":""},"categories":[1,16,115],"tags":[49,142,145,144,143],"_links":{"self":[{"href":"https:\/\/kieseritzky.de\/da\/wp-json\/wp\/v2\/posts\/6819"}],"collection":[{"href":"https:\/\/kieseritzky.de\/da\/wp-json\/wp\/v2\/posts"}],"about":[{"href":"https:\/\/kieseritzky.de\/da\/wp-json\/wp\/v2\/types\/post"}],"author":[{"embeddable":true,"href":"https:\/\/kieseritzky.de\/da\/wp-json\/wp\/v2\/users\/1"}],"replies":[{"embeddable":true,"href":"https:\/\/kieseritzky.de\/da\/wp-json\/wp\/v2\/comments?post=6819"}],"version-history":[{"count":20,"href":"https:\/\/kieseritzky.de\/da\/wp-json\/wp\/v2\/posts\/6819\/revisions"}],"predecessor-version":[{"id":6856,"href":"https:\/\/kieseritzky.de\/da\/wp-json\/wp\/v2\/posts\/6819\/revisions\/6856"}],"wp:featuredmedia":[{"embeddable":true,"href":"https:\/\/kieseritzky.de\/da\/wp-json\/wp\/v2\/media\/6836"}],"wp:attachment":[{"href":"https:\/\/kieseritzky.de\/da\/wp-json\/wp\/v2\/media?parent=6819"}],"wp:term":[{"taxonomy":"category","embeddable":true,"href":"https:\/\/kieseritzky.de\/da\/wp-json\/wp\/v2\/categories?post=6819"},{"taxonomy":"post_tag","embeddable":true,"href":"https:\/\/kieseritzky.de\/da\/wp-json\/wp\/v2\/tags?post=6819"}],"curies":[{"name":"wp","href":"https:\/\/api.w.org\/{rel}","templated":true}]}}