{"id":6461,"date":"2024-01-02T12:04:52","date_gmt":"2024-01-02T12:04:52","guid":{"rendered":"https:\/\/kieseritzky.de\/?p=6461"},"modified":"2024-02-22T10:53:46","modified_gmt":"2024-02-22T10:53:46","slug":"godt-nytar","status":"publish","type":"post","link":"https:\/\/kieseritzky.de\/da\/godt-nytar\/","title":{"rendered":"Godt Nyt\u00e5r"},"content":{"rendered":"<p>02.01.2024<\/p>\n\n\n\n<h3 class=\"wp-block-heading\">Balance og udsigter<\/h3>\n\n\n\n<p>Bag mig ligger fredfyldte juledage med lange g\u00e5ture, hyggelige aftener med l\u00e6kker mad, tid til at g\u00f8re status og nok momentum til at l\u00e6gge planer for det nye \u00e5r.<\/p>\n\n\n\n<p>N\u00e5r jeg ser tilbage p\u00e5 det forgangne \u00e5r, er jeg glad for, at jeg har n\u00e5et meget af det, jeg satte mig for. Ikke mindst den redesignede hjemmeside, som ogs\u00e5 bet\u00f8d en masse arbejde med indholdet. Selv om mit arbejde i atelieret er g\u00e5et langsommere, har jeg kunnet finde en masse klarhed i mit kunstneriske udtryk. Da jeg kom til \u00f8en for tre \u00e5r siden, blev jeg overv\u00e6ldet af de mange nye indtryk, som jeg fors\u00f8gte at indarbejde i mit maleri. Det havde en st\u00e6rk indflydelse p\u00e5 min stil. I l\u00f8bet af det sidste \u00e5r er dette udtryk faldet til ro og stabiliseret. Ud over de store l\u00e6rreder og v\u00e6rker p\u00e5 papir skabte jeg mange sm\u00e5, skitseagtige v\u00e6rker sidste \u00e5r, som havde stor succes p\u00e5 dette \u00e5rs udstillinger. Det motiverer mig til at forts\u00e6tte med at udvikle de sm\u00e5 formater.<\/p>\n\n\n\n<p>Jeg har samlet mine favoritter fra det forgangne \u00e5r i tableauet ovenfor. Du kan finde mere om disse billeder <a href=\"https:\/\/kieseritzky.de\/da\/elementor-seite-5657\/\" data-type=\"page\" data-id=\"5657\">her <\/a><\/p>\n\n\n\n<h3 class=\"wp-block-heading\">Et kig fremad<\/h3>\n\n\n\n<p>Jeg ser en interessant tid foran mig i det kommende \u00e5r, hvor jeg vil blive mere virtuos og friere p\u00e5 det grundlag, jeg tidligere har v\u00e6ret i stand til at skabe. En slags rejsefeber breder sig i mig. I mit vinteratelier, et lille rum i huset, som er meget lettere at varme op, lavede jeg mine f\u00f8rste skitser i dag, som gav mig appetit p\u00e5 mere. <\/p>\n\n\n\n<p>De mange udstillinger p\u00e5 \u00f8en sidste \u00e5r var udmattende, men jeg var i stand til at bruge dem til at offentligg\u00f8re min profil og min m\u00e5de at arbejde p\u00e5. Det er meget vigtigt i dette lille samfund. Mund til mund-metoden er stadig et af de bedste markedsf\u00f8ringsv\u00e6rkt\u00f8jer her.<\/p>\n\n\n\n<p>Det nye \u00e5r ligger foran mig. Jeg udskyder det stadig. Jeg ville elske at stoppe tiden, s\u00e5 jeg kunne dv\u00e6le lidt l\u00e6ngere i intetheden. Men tiden l\u00f8ber foran mig. Uventet accelererer tempoet i l\u00f8bet af de n\u00e6ste par uger, og pludselig er den smukke sommer her.<\/p>\n\n\n\n<p>Den grove plan for det nye \u00e5r er allerede p\u00e5 plads. Der vil v\u00e6re f\u00e6rre udstillinger, i stedet planl\u00e6gger jeg et par \u00e5bne dage i atelieret ud over den normale \u00e5bningstid torsdag formiddag.<\/p>\n\n\n\n<h3 class=\"wp-block-heading\">Marketing og galleri<\/h3>\n\n\n\n<p>Jeg vil gerne bruge mere tid p\u00e5 mit PR-arbejde. Jeg har planer om at designe et fint lille katalog, som folk vil v\u00e6re glade for at tage med sig. Langsomhed passer bedre til min m\u00e5de at arbejde p\u00e5. Hvis interesserede mennesker kan f\u00e5 en smagspr\u00f8ve p\u00e5, hvad jeg laver, og tage sig tid til at beslutte, om de vil bes\u00f8ge mig i mit atelier, i stedet for at have kortvarige og korte udstillinger, f\u00f8les det mere rigtigt for mig.<\/p>\n\n\n\n<p>Mit \u00f8nske for i \u00e5r er at finde en gallerist i Danmark eller Tyskland. Jeg vil skrive portfolioer og ans\u00f8gninger til det. Jeg investerer mindre tid og kr\u00e6fter i online-gallerierne. Jeg bryder mig ikke rigtig om anonymiteten i salget. Det synes ikke at passe til mig.<\/p>\n\n\n\n<h3 class=\"wp-block-heading\">Clairvoyance i landsbyens medborgerhus<\/h3>\n\n\n\n<p>Ved det s\u00e5kaldte Nytarskur i landsbyens forsamlingshus den 29. december blev der spillet en quiz, som begejstrede mig. Alle skulle svare p\u00e5 sp\u00f8rgsm\u00e5l om det kommende \u00e5r. Samtidig blev sidste \u00e5rs quiz l\u00f8st, og vinderen med flest rigtige svar fik en pr\u00e6mie. Jeg burde g\u00f8re det samme med mine planer!<\/p>\n\n\n\n<h3 class=\"wp-block-heading\">Tak<\/h3>\n\n\n\n<p>Jeg \u00f8nsker alle et godt nyt\u00e5r, takker for jeres interesse og ser frem til de overraskelser, der ligger forude.<br \/>Jeg vil helt sikkert kunne fort\u00e6lle mere om de konkrete planer i februar.<\/p>\n\n\n\n<p><\/p>","protected":false},"excerpt":{"rendered":"<p>Blicke ich zur\u00fcck auf das gerade vergangene Jahr, freue ich mich dar\u00fcber, dass mir vieles gelungen ist, was ich mir vorgenommen hatte. Nicht zuletzt die runderneuerte Website, in der auch viel inhaltliche Arbeit steckt. Obwohl meine Arbeit im Atelier langsamer voran gegangen ist, konnte ich viel Klarheit \u00fcber meinen k\u00fcnstlerischen Ausdruck finden. Als ich vor 3 Jahren auf die Insel kam, \u00fcberw\u00e4ltigten mich die vielen neuen Eindr\u00fccke, die ich versucht habe in meiner Malerei aufzunehmen.<\/p>","protected":false},"author":1,"featured_media":6464,"comment_status":"open","ping_status":"closed","sticky":false,"template":"","format":"standard","meta":{"site-sidebar-layout":"default","site-content-layout":"","ast-site-content-layout":"default","site-content-style":"default","site-sidebar-style":"default","ast-global-header-display":"","ast-banner-title-visibility":"","ast-main-header-display":"","ast-hfb-above-header-display":"","ast-hfb-below-header-display":"","ast-hfb-mobile-header-display":"","site-post-title":"","ast-breadcrumbs-content":"","ast-featured-img":"","footer-sml-layout":"","theme-transparent-header-meta":"","adv-header-id-meta":"","stick-header-meta":"","header-above-stick-meta":"","header-main-stick-meta":"","header-below-stick-meta":"","astra-migrate-meta-layouts":"set","ast-page-background-enabled":"default","ast-page-background-meta":{"desktop":{"background-color":"","background-image":"","background-repeat":"repeat","background-position":"center center","background-size":"auto","background-attachment":"scroll","background-type":"","background-media":"","overlay-type":"","overlay-color":"","overlay-gradient":""},"tablet":{"background-color":"","background-image":"","background-repeat":"repeat","background-position":"center center","background-size":"auto","background-attachment":"scroll","background-type":"","background-media":"","overlay-type":"","overlay-color":"","overlay-gradient":""},"mobile":{"background-color":"","background-image":"","background-repeat":"repeat","background-position":"center center","background-size":"auto","background-attachment":"scroll","background-type":"","background-media":"","overlay-type":"","overlay-color":"","overlay-gradient":""}},"ast-content-background-meta":{"desktop":{"background-color":"var(--ast-global-color-5)","background-image":"","background-repeat":"repeat","background-position":"center center","background-size":"auto","background-attachment":"scroll","background-type":"","background-media":"","overlay-type":"","overlay-color":"","overlay-gradient":""},"tablet":{"background-color":"var(--ast-global-color-5)","background-image":"","background-repeat":"repeat","background-position":"center center","background-size":"auto","background-attachment":"scroll","background-type":"","background-media":"","overlay-type":"","overlay-color":"","overlay-gradient":""},"mobile":{"background-color":"var(--ast-global-color-5)","background-image":"","background-repeat":"repeat","background-position":"center center","background-size":"auto","background-attachment":"scroll","background-type":"","background-media":"","overlay-type":"","overlay-color":"","overlay-gradient":""}},"ngg_post_thumbnail":0,"footnotes":""},"categories":[16,115],"tags":[117,36,114,116,119,118,52],"_links":{"self":[{"href":"https:\/\/kieseritzky.de\/da\/wp-json\/wp\/v2\/posts\/6461"}],"collection":[{"href":"https:\/\/kieseritzky.de\/da\/wp-json\/wp\/v2\/posts"}],"about":[{"href":"https:\/\/kieseritzky.de\/da\/wp-json\/wp\/v2\/types\/post"}],"author":[{"embeddable":true,"href":"https:\/\/kieseritzky.de\/da\/wp-json\/wp\/v2\/users\/1"}],"replies":[{"embeddable":true,"href":"https:\/\/kieseritzky.de\/da\/wp-json\/wp\/v2\/comments?post=6461"}],"version-history":[{"count":5,"href":"https:\/\/kieseritzky.de\/da\/wp-json\/wp\/v2\/posts\/6461\/revisions"}],"predecessor-version":[{"id":6539,"href":"https:\/\/kieseritzky.de\/da\/wp-json\/wp\/v2\/posts\/6461\/revisions\/6539"}],"wp:featuredmedia":[{"embeddable":true,"href":"https:\/\/kieseritzky.de\/da\/wp-json\/wp\/v2\/media\/6464"}],"wp:attachment":[{"href":"https:\/\/kieseritzky.de\/da\/wp-json\/wp\/v2\/media?parent=6461"}],"wp:term":[{"taxonomy":"category","embeddable":true,"href":"https:\/\/kieseritzky.de\/da\/wp-json\/wp\/v2\/categories?post=6461"},{"taxonomy":"post_tag","embeddable":true,"href":"https:\/\/kieseritzky.de\/da\/wp-json\/wp\/v2\/tags?post=6461"}],"curies":[{"name":"wp","href":"https:\/\/api.w.org\/{rel}","templated":true}]}}