{"id":4986,"date":"2023-09-21T15:15:08","date_gmt":"2023-09-21T15:15:08","guid":{"rendered":"https:\/\/kieseritzky.de\/?p=4986"},"modified":"2023-11-30T11:38:27","modified_gmt":"2023-11-30T11:38:27","slug":"september-der-herbst-kommt-mit-wind-und-orange","status":"publish","type":"post","link":"https:\/\/kieseritzky.de\/da\/september-der-herbst-kommt-mit-wind-und-orange\/","title":{"rendered":"September, efter\u00e5ret kommer med vind og orange"},"content":{"rendered":"<p>21.09.23<\/p>\n\n\n\n<p>Efter udstillingen i R\u00f8de Pakhus i Marstal Havn kunne vi endelig nyde en tur i det danske sydhav p\u00e5 vores lille sejlb\u00e5d i solrigt sensommervejr. Vejret, lyset og stemningen har \u00e6ndret sig meget siden da. Marinaerne er tomme, skyggerne lange, og siden i forg\u00e5rs har vinden igen rusket i tr\u00e6erne. Endnu en storm er annonceret til i aften. Men temperaturerne er stadig overraskende milde. I mit nyplantede bed har de planter, der lige er blevet plantet, endda brug for en ekstra portion vand. Men nu kommer tiden med lys aftenhimmel og solopgange over havet, n\u00e5r vi m\u00f8des om morgenen til en sv\u00f8mmetur. Jeg gl\u00e6der mig til det.<\/p>\n\n\n\nngg_shortcode_0_placeholder\n\n\n\n<h2 class=\"wp-block-heading\">Forts\u00e6t<\/h2>\n\n\n\n<p>I juli fortalte jeg dig, at mit arbejde i atelieret var g\u00e5et i st\u00e5, men de grundede l\u00e6rreder ventede allerede. Indtil udstillingen begyndte i midten af august, havde jeg stadig en produktiv tid. Nu kan jeg afslutte en serie p\u00e5 tre malerier og begynde p\u00e5 noget nyt.<\/p>\n\n\n\n<h2 class=\"wp-block-heading\">Ryd op, omorganiser, g\u00f8r status<\/h2>\n\n\n\n<p>Et af de projekter, jeg har arbejdet p\u00e5 i de sidste par uger, er ombygningen af mit atelier. Det har betydet en masse oprydning, sortering og status. Jeg har haft mange ting fra de sidste \u00e5r i h\u00e5nden, kasseret nogle, gjort andre tilg\u00e6ngelige for maling og genopdaget gamle ting.<\/p>\n\n\n\n<p>Rummet har vundet meget. Endelig er der en afsk\u00e6rmet plads ved et stort bord under ovenlyset, hvor jeg ogs\u00e5 har skrevet, t\u00e6nkt og planlagt meget. Foromr\u00e5det er blevet et smukt pr\u00e6sentationsrum, som ogs\u00e5 allerede har bevist sit v\u00e6rd over for bes\u00f8gende. Jeg er glad for det rolige, lyse og ryddelige rum og ser frem til den n\u00e6ste fase af arbejdet.<\/p>\n\n\n\n<h2 class=\"wp-block-heading\">F\u00e6rdiglavet<\/h2>\n\n\n\n<p>En serie p\u00e5 tre l\u00e6rreder i st\u00f8rrelsen 80 x 100 cm er blevet f\u00e6rdiggjort. De fokuserer udelukkende p\u00e5 det skarpe lys p\u00e5 denne \u00f8 i havet. Med m\u00f8rke skyggefulde omr\u00e5der eller som p\u00e5 en t\u00e5get dag med kun sm\u00e5 nuancer af farve. De fremst\u00e5r lyse og v\u00e6gtl\u00f8se i et rum. Titler: venstre: En stille morgen og h\u00f8jre: Bag \u00f8erne<\/p>\n\n\n\nngg_shortcode_1_placeholder\n\n\n\n<p>Jeg kan virkelig godt lide de nye v\u00e6rker p\u00e5 papir (40 x 50 cm). Is\u00e6r det sidste, som jeg malede igen og igen, indtil det pludselig \u00e5bnede sig i et poetisk udtryk. Titel: venstre: N\u00e5r vi rejser, hvad bliver der s\u00e5 tilbage?, Jeg fandt p\u00e5 et haiku til billedet til h\u00f8jre, p\u00e5 tysk selvf\u00f8lgelig, overs\u00e6ttelsen blev lavet af maskinen, desv\u00e6rre er det ikke l\u00e6ngere et haiku, men jeg kan ikke g\u00f8re det bedre. Jeg vil med gl\u00e6de acceptere forslag <\/p>\n\n\n\n<pre class=\"wp-block-verse has-text-align-right\">I morgent\u00e5gen\nst\u00e5r en gammel stige\nGad vide, hvor den f\u00f8rer hen?<\/pre>\n\n\n\nngg_shortcode_2_placeholder\n\n\n\n<p>Og sidst, men ikke mindst, en r\u00e6kke sm\u00e5 scenerier, som var meget sjove for mig. Det er bare et lille strejf med blyanten p\u00e5 en malerisk baggrund, og vores hjerne fremtryller et landskab, en b\u00e5d eller en s\u00f8mand i stormvejr. Den lille sejler blev mit motiv til annoncerne i \u00c6r\u00f8guiden for det kommende \u00e5r.<\/p>\n\n\n\n<figure class=\"wp-block-image size-full\"><img fetchpriority=\"high\" decoding=\"async\" width=\"591\" height=\"423\" src=\"https:\/\/kieseritzky.de\/wp-content\/uploads\/2023\/09\/papardies-06.jpg\" alt=\"\" class=\"wp-image-4973\" srcset=\"https:\/\/kieseritzky.de\/wp-content\/uploads\/2023\/09\/papardies-06.jpg 591w, https:\/\/kieseritzky.de\/wp-content\/uploads\/2023\/09\/papardies-06-500x358.jpg 500w, https:\/\/kieseritzky.de\/wp-content\/uploads\/2023\/09\/papardies-06-18x12.jpg 18w\" sizes=\"(max-width: 591px) 100vw, 591px\" \/><figcaption class=\"wp-element-caption\">Velkommen til Paradis 06<\/figcaption><\/figure>\n\n\n\n<p>Bagerst i atelieret st\u00e5r et stort l\u00e6rred og hvisker for sig selv. Snart vil jeg vende mig mod det.<\/p>\n\n\n\n<p>Jeg vil snart rapportere om det. Jeg \u00f8nsker dig et smukt efter\u00e5r, indtil da<\/p>\n\n\n\n<p>Hilda<\/p>","protected":false},"excerpt":{"rendered":"<p>Nach der Ausstellung im R\u00f8de Pakhus im Hafen von Marstal, konnten wir, bei sonnigem Sp\u00e4tsommerwetter, endlich eine Tour mit unserem kleinen Segelboot durch die d\u00e4nische S\u00fcdsee genie\u00dfen<\/p>","protected":false},"author":1,"featured_media":4969,"comment_status":"closed","ping_status":"closed","sticky":false,"template":"","format":"standard","meta":{"site-sidebar-layout":"default","site-content-layout":"","ast-site-content-layout":"default","site-content-style":"default","site-sidebar-style":"default","ast-global-header-display":"","ast-banner-title-visibility":"","ast-main-header-display":"","ast-hfb-above-header-display":"","ast-hfb-below-header-display":"","ast-hfb-mobile-header-display":"","site-post-title":"","ast-breadcrumbs-content":"","ast-featured-img":"","footer-sml-layout":"","theme-transparent-header-meta":"","adv-header-id-meta":"","stick-header-meta":"","header-above-stick-meta":"","header-main-stick-meta":"","header-below-stick-meta":"","astra-migrate-meta-layouts":"set","ast-page-background-enabled":"default","ast-page-background-meta":{"desktop":{"background-color":"","background-image":"","background-repeat":"repeat","background-position":"center center","background-size":"auto","background-attachment":"scroll","background-type":"","background-media":"","overlay-type":"","overlay-color":"","overlay-gradient":""},"tablet":{"background-color":"","background-image":"","background-repeat":"repeat","background-position":"center center","background-size":"auto","background-attachment":"scroll","background-type":"","background-media":"","overlay-type":"","overlay-color":"","overlay-gradient":""},"mobile":{"background-color":"","background-image":"","background-repeat":"repeat","background-position":"center center","background-size":"auto","background-attachment":"scroll","background-type":"","background-media":"","overlay-type":"","overlay-color":"","overlay-gradient":""}},"ast-content-background-meta":{"desktop":{"background-color":"var(--ast-global-color-5)","background-image":"","background-repeat":"repeat","background-position":"center center","background-size":"auto","background-attachment":"scroll","background-type":"","background-media":"","overlay-type":"","overlay-color":"","overlay-gradient":""},"tablet":{"background-color":"var(--ast-global-color-5)","background-image":"","background-repeat":"repeat","background-position":"center center","background-size":"auto","background-attachment":"scroll","background-type":"","background-media":"","overlay-type":"","overlay-color":"","overlay-gradient":""},"mobile":{"background-color":"var(--ast-global-color-5)","background-image":"","background-repeat":"repeat","background-position":"center center","background-size":"auto","background-attachment":"scroll","background-type":"","background-media":"","overlay-type":"","overlay-color":"","overlay-gradient":""}},"ngg_post_thumbnail":0,"footnotes":""},"categories":[27,16,113],"tags":[49,36,60,61,42,48,53,54,63,59,52],"_links":{"self":[{"href":"https:\/\/kieseritzky.de\/da\/wp-json\/wp\/v2\/posts\/4986"}],"collection":[{"href":"https:\/\/kieseritzky.de\/da\/wp-json\/wp\/v2\/posts"}],"about":[{"href":"https:\/\/kieseritzky.de\/da\/wp-json\/wp\/v2\/types\/post"}],"author":[{"embeddable":true,"href":"https:\/\/kieseritzky.de\/da\/wp-json\/wp\/v2\/users\/1"}],"replies":[{"embeddable":true,"href":"https:\/\/kieseritzky.de\/da\/wp-json\/wp\/v2\/comments?post=4986"}],"version-history":[{"count":10,"href":"https:\/\/kieseritzky.de\/da\/wp-json\/wp\/v2\/posts\/4986\/revisions"}],"predecessor-version":[{"id":5468,"href":"https:\/\/kieseritzky.de\/da\/wp-json\/wp\/v2\/posts\/4986\/revisions\/5468"}],"wp:featuredmedia":[{"embeddable":true,"href":"https:\/\/kieseritzky.de\/da\/wp-json\/wp\/v2\/media\/4969"}],"wp:attachment":[{"href":"https:\/\/kieseritzky.de\/da\/wp-json\/wp\/v2\/media?parent=4986"}],"wp:term":[{"taxonomy":"category","embeddable":true,"href":"https:\/\/kieseritzky.de\/da\/wp-json\/wp\/v2\/categories?post=4986"},{"taxonomy":"post_tag","embeddable":true,"href":"https:\/\/kieseritzky.de\/da\/wp-json\/wp\/v2\/tags?post=4986"}],"curies":[{"name":"wp","href":"https:\/\/api.w.org\/{rel}","templated":true}]}}