{"id":3356,"date":"2021-08-18T10:07:27","date_gmt":"2021-08-18T10:07:27","guid":{"rendered":"https:\/\/kieseritzky.de\/?p=3356"},"modified":"2021-08-18T10:25:19","modified_gmt":"2021-08-18T10:25:19","slug":"abschiedsausstellung","status":"publish","type":"post","link":"https:\/\/kieseritzky.de\/da\/abschiedsausstellung\/","title":{"rendered":"Farvel Udstilling"},"content":{"rendered":"<p>18.August 2021<\/p>\n\n\n\n<p>Da bin ich wieder! Die Insel ist dabei wieder ruhiger zu werden, es gibt schon wieder k\u00fchle Tage, sodass das morgendliche Baden immer \u00f6fter zur Mutprobe wird. Aber dann ist es wunderbar und schubst mich in einen neuen Tag. <br \/>Nachdem ich aus der Sommerakademie an der <a rel=\"noreferrer noopener\" href=\"https:\/\/www.bundesakademie.de\/startseite\/\" data-type=\"URL\" data-id=\"https:\/\/www.bundesakademie.de\/startseite\/\" target=\"_blank\">BA f\u00fcr kulturelle Bildung in Wolfenb\u00fcttel<\/a> (empfehle ich jedem k\u00fcnstlerisch und kulturell t\u00e4tigem Menschen!) zur\u00fcck in meinem Atelier bin, steht alles im Zeichen der kommenden Ausstellung in Nienburg, in meiner alten Heimat GalerieN \u2013 eine Abschiedsausstellung!<\/p>\n\n\n\n<figure class=\"wp-block-image size-full\"><img fetchpriority=\"high\" decoding=\"async\" width=\"1200\" height=\"900\" src=\"https:\/\/kieseritzky.de\/wp-content\/uploads\/2021\/08\/web-einladung.jpg\" alt=\"\" class=\"wp-image-3357\" srcset=\"https:\/\/kieseritzky.de\/wp-content\/uploads\/2021\/08\/web-einladung.jpg 1200w, https:\/\/kieseritzky.de\/wp-content\/uploads\/2021\/08\/web-einladung-600x450.jpg 600w, https:\/\/kieseritzky.de\/wp-content\/uploads\/2021\/08\/web-einladung-500x375.jpg 500w, https:\/\/kieseritzky.de\/wp-content\/uploads\/2021\/08\/web-einladung-1024x768.jpg 1024w, https:\/\/kieseritzky.de\/wp-content\/uploads\/2021\/08\/web-einladung-768x576.jpg 768w\" sizes=\"(max-width: 1200px) 100vw, 1200px\" \/><\/figure>\n\n\n\n<div class=\"wp-block-file\"><a href=\"https:\/\/kieseritzky.de\/wp-content\/uploads\/2021\/08\/Faltblatt_Ausstellung-1.pdf\">Hier kannst du das Faltblatt zur Ausstellung  <\/a><a href=\"https:\/\/kieseritzky.de\/wp-content\/uploads\/2021\/08\/Faltblatt_Ausstellung-1.pdf\" class=\"wp-block-file__button\" download>Herunterladen<\/a><\/div>\n\n\n\n<p>Meine Serie \u201eBaltic Blue\u201c hat sich, seit meinem letzten Blogbeitrag im Juli auf 12 Arbeiten erweitert. <a rel=\"noreferrer noopener\" href=\"https:\/\/kieseritzky.de\/da\/baltic-blue\/\" data-type=\"page\" data-id=\"3194\" target=\"_blank\">Sie sind hier versammelt zu finden<\/a>. Bei den Arbeiten 10, 11 und 12 scheint sich eine spannende Entwicklung zu vollziehen. Dieses subtile Gef\u00fchl nahm ich mit nach Wolfenb\u00fcttel in die Klausurwoche im Atelier. Hier konnte ich diesen neuen Ausdruck intensiv erarbeiten und seine Grenzen ausloten. Mein Eindruck ist, dass sich etwas Neues anbahnt. Jetzt dr\u00e4ngt es mich daran weiter zu arbeiten. Aber zuerst kommt die Ausstellung dran. Dort bekomme ich sicher auch R\u00fcckmeldungen von den Menschen, die diese Arbeiten und vielleicht auch mich nicht kennen. Darauf bin ich sehr gespannt. Auch einige kleine Arbeiten sind entstanden, die du dir <a href=\"https:\/\/kieseritzky.de\/da\/neues-aus-dem-atelier\/\" data-type=\"page\" data-id=\"2606\">hier<\/a> ansehen kannst.<\/p>\n\n\n\n<figure class=\"wp-block-video\"><video controls src=\"https:\/\/kieseritzky.de\/wp-content\/uploads\/2021\/08\/VID-20210816-WA0001.mp4\"><\/video><\/figure>\n\n\n\n<p>Die neuesten Arbeiten trocknen schon in Sebbenhausen. Eine Auswahl wird in der Ausstellung in der GalerieN zu sehen sein.<\/p>\n\n\n\n<p>Eigentlich habe ich ein gro\u00dfes Fass aufgemacht, das mich noch etwas verschreckt. Unter anderem geht es um die Frage, wie die Sch\u00f6nheit, die ich hier t\u00e4glich sehe, f\u00fcr mich darstellbar ist. Und was genau m\u00f6chte ich zeigen. Das alles ohne ins Sentimentale oder Kitschige zu verfallen. Wie kann das gehen, parallel zu den erschreckenden Ereignissen in der Welt? Kann ich es mir in meiner privilegierten Situation erlauben von Sch\u00f6nheit zu erz\u00e4hlen? Ich werde diese Fragen nicht kl\u00e4ren k\u00f6nnen, ohne einfach weiter zu arbeiten. Vorerst versuche ich dich auf dem Laufenden zu halten und freue mich, wenn du weiter Interesse hast. Vielleicht sehen wir uns auf der Ausstellung? \u00dcber das Sch\u00f6ne in der Kunst w\u00fcrde ich mich gerne mit dir unterhalten.<\/p>\n\n\n\n<p>Mach&#8217;s gut und genie\u00dfe den ALTWEIBERSOMMER!<\/p>\n\n\n\n<p>Hilda<\/p>\n\n\n\n<p><\/p>","protected":false},"excerpt":{"rendered":"<p>18.August 2021 Da bin ich wieder! Die Insel ist dabei wieder ruhiger zu werden, es gibt schon wieder k\u00fchle Tage, sodass das morgendliche Baden immer \u00f6fter zur Mutprobe wird. Aber dann ist es wunderbar und schubst mich in einen neuen Tag. Nachdem ich aus der Sommerakademie an der BA f\u00fcr kulturelle Bildung in Wolfenb\u00fcttel (empfehle &hellip;<\/p>\n<p class=\"read-more\"> <a class=\"\" href=\"https:\/\/kieseritzky.de\/da\/abschiedsausstellung\/\"> <span class=\"screen-reader-text\">Farvel Udstilling<\/span> L\u00e6s mere &raquo;<\/a><\/p>","protected":false},"author":1,"featured_media":3324,"comment_status":"closed","ping_status":"closed","sticky":false,"template":"","format":"standard","meta":{"site-sidebar-layout":"default","site-content-layout":"default","ast-site-content-layout":"","site-content-style":"default","site-sidebar-style":"default","ast-global-header-display":"","ast-banner-title-visibility":"","ast-main-header-display":"","ast-hfb-above-header-display":"","ast-hfb-below-header-display":"","ast-hfb-mobile-header-display":"","site-post-title":"","ast-breadcrumbs-content":"","ast-featured-img":"","footer-sml-layout":"","theme-transparent-header-meta":"default","adv-header-id-meta":"","stick-header-meta":"","header-above-stick-meta":"","header-main-stick-meta":"","header-below-stick-meta":"","astra-migrate-meta-layouts":"","ast-page-background-enabled":"default","ast-page-background-meta":{"desktop":{"background-color":"","background-image":"","background-repeat":"repeat","background-position":"center center","background-size":"auto","background-attachment":"scroll","background-type":"","background-media":"","overlay-type":"","overlay-color":"","overlay-gradient":""},"tablet":{"background-color":"","background-image":"","background-repeat":"repeat","background-position":"center center","background-size":"auto","background-attachment":"scroll","background-type":"","background-media":"","overlay-type":"","overlay-color":"","overlay-gradient":""},"mobile":{"background-color":"","background-image":"","background-repeat":"repeat","background-position":"center center","background-size":"auto","background-attachment":"scroll","background-type":"","background-media":"","overlay-type":"","overlay-color":"","overlay-gradient":""}},"ast-content-background-meta":{"desktop":{"background-color":"var(--ast-global-color-5)","background-image":"","background-repeat":"repeat","background-position":"center center","background-size":"auto","background-attachment":"scroll","background-type":"","background-media":"","overlay-type":"","overlay-color":"","overlay-gradient":""},"tablet":{"background-color":"var(--ast-global-color-5)","background-image":"","background-repeat":"repeat","background-position":"center center","background-size":"auto","background-attachment":"scroll","background-type":"","background-media":"","overlay-type":"","overlay-color":"","overlay-gradient":""},"mobile":{"background-color":"var(--ast-global-color-5)","background-image":"","background-repeat":"repeat","background-position":"center center","background-size":"auto","background-attachment":"scroll","background-type":"","background-media":"","overlay-type":"","overlay-color":"","overlay-gradient":""}},"ngg_post_thumbnail":0,"footnotes":""},"categories":[16],"tags":[],"_links":{"self":[{"href":"https:\/\/kieseritzky.de\/da\/wp-json\/wp\/v2\/posts\/3356"}],"collection":[{"href":"https:\/\/kieseritzky.de\/da\/wp-json\/wp\/v2\/posts"}],"about":[{"href":"https:\/\/kieseritzky.de\/da\/wp-json\/wp\/v2\/types\/post"}],"author":[{"embeddable":true,"href":"https:\/\/kieseritzky.de\/da\/wp-json\/wp\/v2\/users\/1"}],"replies":[{"embeddable":true,"href":"https:\/\/kieseritzky.de\/da\/wp-json\/wp\/v2\/comments?post=3356"}],"version-history":[{"count":17,"href":"https:\/\/kieseritzky.de\/da\/wp-json\/wp\/v2\/posts\/3356\/revisions"}],"predecessor-version":[{"id":3379,"href":"https:\/\/kieseritzky.de\/da\/wp-json\/wp\/v2\/posts\/3356\/revisions\/3379"}],"wp:featuredmedia":[{"embeddable":true,"href":"https:\/\/kieseritzky.de\/da\/wp-json\/wp\/v2\/media\/3324"}],"wp:attachment":[{"href":"https:\/\/kieseritzky.de\/da\/wp-json\/wp\/v2\/media?parent=3356"}],"wp:term":[{"taxonomy":"category","embeddable":true,"href":"https:\/\/kieseritzky.de\/da\/wp-json\/wp\/v2\/categories?post=3356"},{"taxonomy":"post_tag","embeddable":true,"href":"https:\/\/kieseritzky.de\/da\/wp-json\/wp\/v2\/tags?post=3356"}],"curies":[{"name":"wp","href":"https:\/\/api.w.org\/{rel}","templated":true}]}}